{"id":612,"date":"2015-03-04T23:00:21","date_gmt":"2015-03-04T22:00:21","guid":{"rendered":"http:\/\/www.rt-51.de\/?p=612"},"modified":"2015-04-04T18:16:58","modified_gmt":"2015-04-04T16:16:58","slug":"uebergabe-von-6-600-e-an-hospiz-uebergabe-praesidentenamt","status":"publish","type":"post","link":"https:\/\/www.rt-51.org\/?p=612","title":{"rendered":"\u00dcbergabe von 6.600 \u20ac an Hospiz \/ \u00dcbergabe Pr\u00e4sidentenamt"},"content":{"rendered":"<p>Der heutige Tischabend im Reichshof in Norden war\u00a0der bisher besonderste Tischabend im noch recht jungen Jahr. Zun\u00e4chst durften wir jeweils 3.300 Euro an die Hospizvereine Aurich und Norden\/Umgebung \u00fcbergeben, die wir aus dem Big Band Konzert im Dezember\u00a0erl\u00f6sen konnten. Als\u00a0Repr\u00e4sentanten des Hospiz Aurich e.V.\u00a0(siehe Bild) haben wir Herrn Eike Zabel (1. Vorsitzender) und Herrn Dr. Max Freyland (2. Vorsitzender) begr\u00fc\u00dfen k\u00f6nnen. Von der\u00a0Hospizgruppe Norden und Umgebung e.V.\u00a0erschien Herr Manfred van Neer (Schatzmeister) zur symbolischen Scheck\u00fcbergabe. Beide Vereine finanzieren sich \u00fcberwiegend durch\u00a0Spendengelder, erhalten\u00a0von den Krankenkassen nach F\u00f6rdergeldantrag r\u00fcckwirkend f\u00fcr das Jahr allerdings\u00a0Zusch\u00fcsse\u00a0(nach\u00a0Paragraph StGb 39a), die wiederum\u00a0nicht kostendeckend sind. Hier ist also jeder Cent gefragt. Beide Vereine haben sich herzlich f\u00fcr die Spende bedankt.<\/p>\n<p><a href=\"http:\/\/www.rt-51.de\/wp-content\/uploads\/2015\/04\/IMG_17601.jpg\"><img decoding=\"async\" loading=\"lazy\" class=\"alignnone size-medium wp-image-614\" src=\"http:\/\/www.rt-51.de\/wp-content\/uploads\/2015\/04\/IMG_17601-400x267.jpg\" alt=\"IMG_1760\" width=\"400\" height=\"267\" srcset=\"https:\/\/www.rt-51.org\/wp-content\/uploads\/2015\/04\/IMG_17601-400x267.jpg 400w, https:\/\/www.rt-51.org\/wp-content\/uploads\/2015\/04\/IMG_17601-1024x682.jpg 1024w, https:\/\/www.rt-51.org\/wp-content\/uploads\/2015\/04\/IMG_17601.jpg 1280w\" sizes=\"(max-width: 400px) 100vw, 400px\" \/><\/a><\/p>\n<p>Der zweite H\u00f6hepunkt des Abends war die \u00dcbergabe des Pr\u00e4sidentenamtes von Werner Peterssen an Marten Ulpts. Hauptritual ist hierbei traditionsgem\u00e4\u00df das Umh\u00e4ngen des Abzeichenbands, welches alle Pr\u00e4sidentennamen seit Gr\u00fcndung eingraviert bekommt. Es ist nun Martens Aufgabe, den Namen von Werner &#8222;eintragen&#8220; zu lassen.<\/p>\n\n\t\t<style type=\"text\/css\">\n\t\t\t#gallery-1 {\n\t\t\t\tmargin: auto;\n\t\t\t}\n\t\t\t#gallery-1 .gallery-item {\n\t\t\t\tfloat: left;\n\t\t\t\tmargin-top: 10px;\n\t\t\t\ttext-align: center;\n\t\t\t\twidth: 50%;\n\t\t\t}\n\t\t\t#gallery-1 img {\n\t\t\t\tborder: 2px solid #cfcfcf;\n\t\t\t}\n\t\t\t#gallery-1 .gallery-caption {\n\t\t\t\tmargin-left: 0;\n\t\t\t}\n\t\t\t\/* see gallery_shortcode() in wp-includes\/media.php *\/\n\t\t<\/style>\n\t\t<div id='gallery-1' class='gallery galleryid-612 gallery-columns-2 gallery-size-thumbnail'><dl class='gallery-item'>\n\t\t\t<dt class='gallery-icon landscape'>\n\t\t\t\t<a href='https:\/\/www.rt-51.org\/wp-content\/uploads\/2015\/04\/DSC026731.jpg'><img width=\"200\" height=\"200\" src=\"https:\/\/www.rt-51.org\/wp-content\/uploads\/2015\/04\/DSC026731-200x200.jpg\" class=\"attachment-thumbnail size-thumbnail\" alt=\"\" decoding=\"async\" loading=\"lazy\" \/><\/a>\n\t\t\t<\/dt><\/dl><dl class='gallery-item'>\n\t\t\t<dt class='gallery-icon portrait'>\n\t\t\t\t<a href='https:\/\/www.rt-51.org\/wp-content\/uploads\/2015\/04\/DSC02679.jpg'><img width=\"200\" height=\"200\" src=\"https:\/\/www.rt-51.org\/wp-content\/uploads\/2015\/04\/DSC02679-200x200.jpg\" class=\"attachment-thumbnail size-thumbnail\" alt=\"\" decoding=\"async\" loading=\"lazy\" \/><\/a>\n\t\t\t<\/dt><\/dl><br style=\"clear: both\" \/><dl class='gallery-item'>\n\t\t\t<dt class='gallery-icon landscape'>\n\t\t\t\t<a href='https:\/\/www.rt-51.org\/wp-content\/uploads\/2015\/04\/DSC02676.jpg'><img width=\"200\" height=\"200\" src=\"https:\/\/www.rt-51.org\/wp-content\/uploads\/2015\/04\/DSC02676-200x200.jpg\" class=\"attachment-thumbnail size-thumbnail\" alt=\"\" decoding=\"async\" loading=\"lazy\" \/><\/a>\n\t\t\t<\/dt><\/dl><dl class='gallery-item'>\n\t\t\t<dt class='gallery-icon landscape'>\n\t\t\t\t<a href='https:\/\/www.rt-51.org\/wp-content\/uploads\/2015\/04\/DSC02675.jpg'><img width=\"200\" height=\"200\" src=\"https:\/\/www.rt-51.org\/wp-content\/uploads\/2015\/04\/DSC02675-200x200.jpg\" class=\"attachment-thumbnail size-thumbnail\" alt=\"\" decoding=\"async\" loading=\"lazy\" \/><\/a>\n\t\t\t<\/dt><\/dl><br style=\"clear: both\" \/><dl class='gallery-item'>\n\t\t\t<dt class='gallery-icon landscape'>\n\t\t\t\t<a href='https:\/\/www.rt-51.org\/wp-content\/uploads\/2015\/04\/DSC02674.jpg'><img width=\"200\" height=\"200\" src=\"https:\/\/www.rt-51.org\/wp-content\/uploads\/2015\/04\/DSC02674-200x200.jpg\" class=\"attachment-thumbnail size-thumbnail\" alt=\"\" decoding=\"async\" loading=\"lazy\" \/><\/a>\n\t\t\t<\/dt><\/dl>\n\t\t\t<br style='clear: both' \/>\n\t\t<\/div>\n\n<p>Wir bedanken uns herzlich bei Werner f\u00fcr die \u00dcbernahme des Amtes im Jahr 2014 und best\u00e4tigen, dass wir stets mit Herzblut durch alle Tischabende und Aktionen gef\u00fchrt wurden! Werner hat Hanno, Jan und mich als neue Tischmitglieder begr\u00fc\u00dft. Die Aufnahme von Dennis steht noch bevor.<\/p>\n<p>Wir w\u00fcnschen Marten ein tolles Pr\u00e4sidentenjahr und glauben fest an eine erfolgreiche Pr\u00e4sidentschaft.<\/p>\n<p>Werner wird zu seinem &#8222;Past-Pr\u00e4sidenten-Jahr&#8220; noch ein weiteres Jahr am Tisch verweilen.<\/p>\n<p>\/sb<\/p>\n<p>&nbsp;<\/p>\n","protected":false},"excerpt":{"rendered":"<p>Der heutige Tischabend im Reichshof in Norden war\u00a0der bisher besonderste Tischabend im noch recht jungen Jahr. Zun\u00e4chst durften wir jeweils 3.300 Euro an die Hospizvereine Aurich und Norden\/Umgebung \u00fcbergeben, die wir aus dem Big Band Konzert im Dezember\u00a0erl\u00f6sen konnten. Als\u00a0Repr\u00e4sentanten des Hospiz Aurich e.V.\u00a0(siehe Bild) haben wir Herrn Eike Zabel (1. Vorsitzender) und Herrn Dr. [&hellip;]<\/p>\n","protected":false},"author":23,"featured_media":0,"comment_status":"closed","ping_status":"closed","sticky":false,"template":"","format":"standard","meta":[],"categories":[1],"tags":[],"_links":{"self":[{"href":"https:\/\/www.rt-51.org\/index.php?rest_route=\/wp\/v2\/posts\/612"}],"collection":[{"href":"https:\/\/www.rt-51.org\/index.php?rest_route=\/wp\/v2\/posts"}],"about":[{"href":"https:\/\/www.rt-51.org\/index.php?rest_route=\/wp\/v2\/types\/post"}],"author":[{"embeddable":true,"href":"https:\/\/www.rt-51.org\/index.php?rest_route=\/wp\/v2\/users\/23"}],"replies":[{"embeddable":true,"href":"https:\/\/www.rt-51.org\/index.php?rest_route=%2Fwp%2Fv2%2Fcomments&post=612"}],"version-history":[{"count":4,"href":"https:\/\/www.rt-51.org\/index.php?rest_route=\/wp\/v2\/posts\/612\/revisions"}],"predecessor-version":[{"id":629,"href":"https:\/\/www.rt-51.org\/index.php?rest_route=\/wp\/v2\/posts\/612\/revisions\/629"}],"wp:attachment":[{"href":"https:\/\/www.rt-51.org\/index.php?rest_route=%2Fwp%2Fv2%2Fmedia&parent=612"}],"wp:term":[{"taxonomy":"category","embeddable":true,"href":"https:\/\/www.rt-51.org\/index.php?rest_route=%2Fwp%2Fv2%2Fcategories&post=612"},{"taxonomy":"post_tag","embeddable":true,"href":"https:\/\/www.rt-51.org\/index.php?rest_route=%2Fwp%2Fv2%2Ftags&post=612"}],"curies":[{"name":"wp","href":"https:\/\/api.w.org\/{rel}","templated":true}]}}