{"id":609,"date":"2015-01-21T23:00:02","date_gmt":"2015-01-21T22:00:02","guid":{"rendered":"http:\/\/www.rt-51.de\/?p=609"},"modified":"2016-02-02T12:14:32","modified_gmt":"2016-02-02T11:14:32","slug":"dr-jan-schapp-neues-rt51-mitglied","status":"publish","type":"post","link":"https:\/\/www.rt-51.org\/?p=609","title":{"rendered":"Dr. Jan Schapp neues RT51-Mitglied"},"content":{"rendered":"<p>Mit gro\u00dfer Freude darf ich heute verk\u00fcnden, dass Dr. Jan Schapp, seit Ende 2014 Aspirant, heute offiziell in den &#8222;RT-Stand&#8220; erhoben wurde. Der Tischabend bei Hanno, der dankenswerterweise kurzfristig eingesprungen ist, konnte hier als Aufnahmeabend dienen. Bei selbsterlegtem Wildgulasch, Rotkohl und Kartoffeln (schmeckte nat\u00fcrlich wie bei Muttern!) wurde der promovierte Rechtsanwalt aus Aurich praktisch der Nachfolger des\u00a0scheidenden RT-Mitglieds Christoph Brand, der <em>leider<\/em> Teil der vierk\u00f6pfigen Old-Tabler-to-be Gruppe ist. \u00dcbrigens Jan, den Wacholderkorn lassen sich Partyg\u00e4ste gerne mal wieder &#8222;durch den Kopf gehen&#8220;, da ist also Vorsicht geboten.<\/p>\n<p>Abgeschlossen wurde der Abend durch einen sehr spannenden Vortrag von Thomas &#8222;Kanne&#8220; Kannegiesser \u00fcber Virtual Reality Brillen (in diesem Falle Oculus Rift).<\/p>\n<p><a href=\"http:\/\/www.rt-51.de\/wp-content\/uploads\/2015\/04\/IMG_2468.jpg\"><img decoding=\"async\" loading=\"lazy\" class=\"alignnone size-medium wp-image-610\" src=\"http:\/\/www.rt-51.de\/wp-content\/uploads\/2015\/04\/IMG_2468-400x300.jpg\" alt=\"IMG_2468\" width=\"400\" height=\"300\" srcset=\"https:\/\/www.rt-51.org\/wp-content\/uploads\/2015\/04\/IMG_2468-400x300.jpg 400w, https:\/\/www.rt-51.org\/wp-content\/uploads\/2015\/04\/IMG_2468-1024x768.jpg 1024w, https:\/\/www.rt-51.org\/wp-content\/uploads\/2015\/04\/IMG_2468.jpg 1280w\" sizes=\"(max-width: 400px) 100vw, 400px\" \/><\/a><\/p>\n<p>Urkunden\u00fcbergabe durch den scheidenden Pr\u00e4sidenten Werner Peterssen.<\/p>\n<p>\/sb<\/p>\n","protected":false},"excerpt":{"rendered":"<p>Mit gro\u00dfer Freude darf ich heute verk\u00fcnden, dass Dr. Jan Schapp, seit Ende 2014 Aspirant, heute offiziell in den &#8222;RT-Stand&#8220; erhoben wurde. Der Tischabend bei Hanno, der dankenswerterweise kurzfristig eingesprungen ist, konnte hier als Aufnahmeabend dienen. Bei selbsterlegtem Wildgulasch, Rotkohl und Kartoffeln (schmeckte nat\u00fcrlich wie bei Muttern!) wurde der promovierte Rechtsanwalt aus Aurich praktisch der [&hellip;]<\/p>\n","protected":false},"author":23,"featured_media":0,"comment_status":"closed","ping_status":"closed","sticky":false,"template":"","format":"standard","meta":[],"categories":[3],"tags":[],"_links":{"self":[{"href":"https:\/\/www.rt-51.org\/index.php?rest_route=\/wp\/v2\/posts\/609"}],"collection":[{"href":"https:\/\/www.rt-51.org\/index.php?rest_route=\/wp\/v2\/posts"}],"about":[{"href":"https:\/\/www.rt-51.org\/index.php?rest_route=\/wp\/v2\/types\/post"}],"author":[{"embeddable":true,"href":"https:\/\/www.rt-51.org\/index.php?rest_route=\/wp\/v2\/users\/23"}],"replies":[{"embeddable":true,"href":"https:\/\/www.rt-51.org\/index.php?rest_route=%2Fwp%2Fv2%2Fcomments&post=609"}],"version-history":[{"count":2,"href":"https:\/\/www.rt-51.org\/index.php?rest_route=\/wp\/v2\/posts\/609\/revisions"}],"predecessor-version":[{"id":624,"href":"https:\/\/www.rt-51.org\/index.php?rest_route=\/wp\/v2\/posts\/609\/revisions\/624"}],"wp:attachment":[{"href":"https:\/\/www.rt-51.org\/index.php?rest_route=%2Fwp%2Fv2%2Fmedia&parent=609"}],"wp:term":[{"taxonomy":"category","embeddable":true,"href":"https:\/\/www.rt-51.org\/index.php?rest_route=%2Fwp%2Fv2%2Fcategories&post=609"},{"taxonomy":"post_tag","embeddable":true,"href":"https:\/\/www.rt-51.org\/index.php?rest_route=%2Fwp%2Fv2%2Ftags&post=609"}],"curies":[{"name":"wp","href":"https:\/\/api.w.org\/{rel}","templated":true}]}}