{"id":1664,"date":"2019-08-05T21:51:56","date_gmt":"2019-08-05T19:51:56","guid":{"rendered":"http:\/\/www.rt-51.de\/?p=1664"},"modified":"2019-10-28T12:19:41","modified_gmt":"2019-10-28T11:19:41","slug":"zeitungsartikel-chillen-im-schatten-der-kirche","status":"publish","type":"post","link":"https:\/\/www.rt-51.org\/?p=1664","title":{"rendered":"Zeitungsartikel &#8222;Chillen im Schatten der Kirche&#8220;"},"content":{"rendered":"<p>Moin Tabler-Freunde,<\/p>\n<p>letzte Woche ist ein Vorabartikel u.a. \u00fcber unseren Stand am diesj\u00e4hrigen Stadtfest erschienen, doch seht selbst:<\/p>\n\n\t\t<style type=\"text\/css\">\n\t\t\t#gallery-1 {\n\t\t\t\tmargin: auto;\n\t\t\t}\n\t\t\t#gallery-1 .gallery-item {\n\t\t\t\tfloat: left;\n\t\t\t\tmargin-top: 10px;\n\t\t\t\ttext-align: center;\n\t\t\t\twidth: 100%;\n\t\t\t}\n\t\t\t#gallery-1 img {\n\t\t\t\tborder: 2px solid #cfcfcf;\n\t\t\t}\n\t\t\t#gallery-1 .gallery-caption {\n\t\t\t\tmargin-left: 0;\n\t\t\t}\n\t\t\t\/* see gallery_shortcode() in wp-includes\/media.php *\/\n\t\t<\/style>\n\t\t<div id='gallery-1' class='gallery galleryid-1664 gallery-columns-1 gallery-size-medium'><dl class='gallery-item'>\n\t\t\t<dt class='gallery-icon portrait'>\n\t\t\t\t<a href='https:\/\/www.rt-51.org\/wp-content\/uploads\/2019\/08\/Chillen-im-Schatten-der-Kirche.png'><img width=\"242\" height=\"400\" src=\"https:\/\/www.rt-51.org\/wp-content\/uploads\/2019\/08\/Chillen-im-Schatten-der-Kirche-242x400.png\" class=\"attachment-medium size-medium\" alt=\"\" decoding=\"async\" loading=\"lazy\" srcset=\"https:\/\/www.rt-51.org\/wp-content\/uploads\/2019\/08\/Chillen-im-Schatten-der-Kirche-242x400.png 242w, https:\/\/www.rt-51.org\/wp-content\/uploads\/2019\/08\/Chillen-im-Schatten-der-Kirche.png 515w\" sizes=\"(max-width: 242px) 100vw, 242px\" \/><\/a>\n\t\t\t<\/dt><\/dl><br style=\"clear: both\" \/>\n\t\t<\/div>\n\n<p>Die wichtigste Information f\u00fcr euch abgek\u00fcrzt: Wir stehen dieses Jahr mit vielen anderen Ehrenamtlichen <strong>im Lambertshof<\/strong>. Es gibt wie gewohnt Karibikflair bei Caipi &amp; Co.! Wir freuen uns auf euch!<\/p>\n<p>Quelle: ON vom 01.08.2019<\/p>\n<p>\/sb<\/p>\n","protected":false},"excerpt":{"rendered":"<p>Moin Tabler-Freunde, letzte Woche ist ein Vorabartikel u.a. \u00fcber unseren Stand am diesj\u00e4hrigen Stadtfest erschienen, doch seht selbst: Die wichtigste Information f\u00fcr euch abgek\u00fcrzt: Wir stehen dieses Jahr mit vielen anderen Ehrenamtlichen im Lambertshof. Es gibt wie gewohnt Karibikflair bei Caipi &amp; Co.! Wir freuen uns auf euch! Quelle: ON vom 01.08.2019 \/sb<\/p>\n","protected":false},"author":23,"featured_media":0,"comment_status":"closed","ping_status":"closed","sticky":false,"template":"","format":"standard","meta":[],"categories":[1],"tags":[],"_links":{"self":[{"href":"https:\/\/www.rt-51.org\/index.php?rest_route=\/wp\/v2\/posts\/1664"}],"collection":[{"href":"https:\/\/www.rt-51.org\/index.php?rest_route=\/wp\/v2\/posts"}],"about":[{"href":"https:\/\/www.rt-51.org\/index.php?rest_route=\/wp\/v2\/types\/post"}],"author":[{"embeddable":true,"href":"https:\/\/www.rt-51.org\/index.php?rest_route=\/wp\/v2\/users\/23"}],"replies":[{"embeddable":true,"href":"https:\/\/www.rt-51.org\/index.php?rest_route=%2Fwp%2Fv2%2Fcomments&post=1664"}],"version-history":[{"count":5,"href":"https:\/\/www.rt-51.org\/index.php?rest_route=\/wp\/v2\/posts\/1664\/revisions"}],"predecessor-version":[{"id":1680,"href":"https:\/\/www.rt-51.org\/index.php?rest_route=\/wp\/v2\/posts\/1664\/revisions\/1680"}],"wp:attachment":[{"href":"https:\/\/www.rt-51.org\/index.php?rest_route=%2Fwp%2Fv2%2Fmedia&parent=1664"}],"wp:term":[{"taxonomy":"category","embeddable":true,"href":"https:\/\/www.rt-51.org\/index.php?rest_route=%2Fwp%2Fv2%2Fcategories&post=1664"},{"taxonomy":"post_tag","embeddable":true,"href":"https:\/\/www.rt-51.org\/index.php?rest_route=%2Fwp%2Fv2%2Ftags&post=1664"}],"curies":[{"name":"wp","href":"https:\/\/api.w.org\/{rel}","templated":true}]}}