{"id":1603,"date":"2019-03-04T20:28:17","date_gmt":"2019-03-04T19:28:17","guid":{"rendered":"http:\/\/www.rt-51.de\/?p=1603"},"modified":"2019-03-09T14:36:48","modified_gmt":"2019-03-09T13:36:48","slug":"holzhackaktion-2019-erfolgreich-beendet","status":"publish","type":"post","link":"https:\/\/www.rt-51.org\/?p=1603","title":{"rendered":"Holzhackaktion 2019 erfolgreich beendet"},"content":{"rendered":"<p><strong>Tabler zerteilen 40 Raummeter Holz f\u00fcr Projekte aus dem Norder Umland\u00a0<\/strong><\/p>\n<p>Es ist Januar, das Wetter, wie oft im ostfriesischen Winter, m\u00e4\u00dfig. Sturm und graue Wolken\u00a0empfangen das 40 Tonnen-Gespann aus dem Emsland. Mit lautem Piepen rangiert der\u00a0LKW r\u00fcckw\u00e4rts auf das Gel\u00e4nde des Ferienhofs \u201eGroot Plaats\u201c in Norddeich. Die Ladung:\u00a040 Raummeter feinstes Buchenholz am Stamm, geschlagen in nieders\u00e4chsischen W\u00e4ldern.<\/p>\n<p>Wenn der LKW-Fahrer seine Arbeit getan hat, wenn das Holz abgeladen ist, dann beginnt\u00a0f\u00fcr die M\u00e4nner des Serviceclubs Round Table RT51 Aurich-Norden die Arbeit. Traditionell\u00a0treffen sie sich immer im Januar, um das Holz an einem Freitag erst klein zu s\u00e4gen, und am\u00a0folgenden Samstag dann in Kamingerechte Scheite zu zerhacken.<\/p>\n<p>\u201e40 Raummeter, das ist schon eine gro\u00dfe Menge\u201c, gesteht Armin Ross, der amtierende\u00a0Pr\u00e4sident des RT51. \u201e\u00dcber die Jahre ist es immer mehr geworden, weil die Nachfrage so\u00a0gro\u00df war. Und wir sind jedes Jahr wieder der \u00dcberzeugung: Wir schaffen das!\u201c<\/p>\n<p>So auch in diesem Jahr. An zwei Tagen, dem 04. und 05. Januar 2019, haben die Tabler aus\u00a0meterlangen St\u00e4mmen handliche Scheite gemacht. Hanno Albers vom Round Table hat die\u00a0Aktion koordiniert und die Abnehmer auf eine lange Liste eingetragen. \u201eDen Gro\u00dfteil des\u00a0Holzes verkaufen wir an Abnehmer aus dem Gro\u00dfraum Norden. Zwei Kubik gehen noch\u00a0nach Osteel, drei nach Marienhafe, vier nach Aurich\u201c, sagt der Bauingenieur. \u201eUnser Service\u00a0ist es ja, dass wir das Holz auf Wunsch auch kostenlos liefern und aufstapeln. Am Ende ist\u00a0es immer besenrein\u201c, grinst der 31ig-J\u00e4hrige.<\/p>\n<p>Die Holz-Tradition gibt es beim RT51 schon lange; wie viele Jahre es genau sind, das wei\u00df\u00a0keiner der M\u00e4nner so genau. \u201eIm Mai diesen Jahres feiern wir in Norddeich unser 50-j\u00e4hriges Bestehen\u201c, erg\u00e4nzt Armin Ross. \u201eDa werden wir die Old Tabler mal fragen, wer sich\u00a0das ausgedacht hat. Diese zwei Tage sind schwei\u00dftreibend wie ein Besuch im\u00a0Fitnessstudio, nur eben f\u00fcr den guten Zweck\u201c, lacht der Zahnarzt aus Aurich, der sonst viel\u00a0filigraner und stets ohne gro\u00dfe Kraftanstrengung arbeitet.<\/p>\n<blockquote><p><strong>\u201eWir wollen zwischen Aurich und Norden was bewegen!\u201c -Armin Ross-<\/strong><\/p><\/blockquote>\n<p>95 Euro nehmen die Tabler f\u00fcr einen Raummeter gehacktes Buchenholz. Oftmals ist die\u00a0Fuhre f\u00fcrs n\u00e4chste Jahr schon bei der Lieferung gleich wieder verkauft. Den Erl\u00f6s spenden\u00a0die Tabler an soziale Projekte in der Region. \u201eAls Serviceclub packen wir sehr gerne an. In\u00a0diesem Jahr helfen wir zum Beispiel einer Auricher Kindereinrichtung, die eine komplett\u00a0kaputte Terrasse hat, diese wieder neu zu pflastern. Im vergangenen Jahr haben wir bei der\u00a0Tagesbetreuungsstelle TABS in Aurich geholfen, ein Kinderspielhaus aufzubauen\u201c, meint\u00a0Ross.<\/p>\n<p><span class=\"Apple-converted-space\">\u00a0<\/span>\u201eHands On-Projekte sind die Spezialit\u00e4t von Round Table, aber manchmal braucht es eben\u00a0doch eine Finanzspritze, um Projekte in der Region voran zu treiben, wie etwa die\u00a0Gr\u00fcndung eines Hospizes in Norden direkt hinterm Krankenhaus, die F\u00f6rderung von\u00a0Schulprojekten gegen sexueller Gewalt an Kindern, oder die Unterst\u00fctzung des Circus\u00a0Tausendtraum in Aurich. Da leisten wir vorher unsere Arbeit und k\u00f6nnen die Erl\u00f6se dann\u00a0guten Gewissens spenden. Wir wollen zwischen Aurich und Norden was Bewegen.\u201c<\/p>\n<p>An zwei Tagen im Februar wurde ein Gro\u00dfteil des Holzes schon verteilt, ein paar\u00a0Kubikmeter warten allerdings noch auf ihre Abnehmer. Bis Ende des Monats soll aber jedes\u00a0Scheit verteilt sein. Wof\u00fcr das Holz-Geld in diesem Jahr vergeben wird, das k\u00f6nnen die\u00a0Tabler derzeit noch nicht sagen. Es gebe viele Projekte, der Tisch m\u00fcsse noch entscheiden,\u00a0wie und wof\u00fcr der Erl\u00f6s aufgeteilt wird.\u00a0Schon jetzt steht aber fest: Die Holzaktion des RT51 war auch 2019 ein voller Erfolg.\u00a0\u201eDie Einnahmen sind vierstellig und werden nat\u00fcrlich wieder gespendet. Es ist sch\u00f6n, dass\u00a0wir der Region um Aurich und Norden etwas zur\u00fcck geben k\u00f6nnen\u201c, sagt Armin Ross\u00a0l\u00e4chelnd.<\/p>\n<p>Das Verteilen des Holzes ist, wie in jedem Jahr, die letzte gro\u00dfe Serviceaktion des\u00a0amtierenden Pr\u00e4sidenten. \u201eMein Jahr als Pr\u00e4sident des RT51 neigt sich dem Ende\u00a0entgegen. Es war ein tolles Jahr, wir konnten viel Bewirken. Ich hoffe, dass mein Nachfolger\u00a0zusammen mit seinem Pr\u00e4sidium \u00e4hnlich viel gutes f\u00fcr die Region leisten kann.\u201c<\/p>\n<p>Die Amts\u00fcbergabe erfolgt am 06. M\u00e4rz 2019 in Norden.<\/p>\n<p>&nbsp;<\/p>\n\n\t\t<style type=\"text\/css\">\n\t\t\t#gallery-1 {\n\t\t\t\tmargin: auto;\n\t\t\t}\n\t\t\t#gallery-1 .gallery-item {\n\t\t\t\tfloat: left;\n\t\t\t\tmargin-top: 10px;\n\t\t\t\ttext-align: center;\n\t\t\t\twidth: 33%;\n\t\t\t}\n\t\t\t#gallery-1 img {\n\t\t\t\tborder: 2px solid #cfcfcf;\n\t\t\t}\n\t\t\t#gallery-1 .gallery-caption {\n\t\t\t\tmargin-left: 0;\n\t\t\t}\n\t\t\t\/* see gallery_shortcode() in wp-includes\/media.php *\/\n\t\t<\/style>\n\t\t<div id='gallery-1' class='gallery galleryid-1603 gallery-columns-3 gallery-size-thumbnail'><dl class='gallery-item'>\n\t\t\t<dt class='gallery-icon landscape'>\n\t\t\t\t<a href='https:\/\/www.rt-51.org\/?attachment_id=1606'><img width=\"200\" height=\"200\" src=\"https:\/\/www.rt-51.org\/wp-content\/uploads\/2019\/03\/PHOTO-2019-02-21-11-34-44-200x200.jpg\" class=\"attachment-thumbnail size-thumbnail\" alt=\"\" decoding=\"async\" loading=\"lazy\" aria-describedby=\"gallery-1-1606\" \/><\/a>\n\t\t\t<\/dt>\n\t\t\t\t<dd class='wp-caption-text gallery-caption' id='gallery-1-1606'>\n\t\t\t\tVolle Motivation: Holzhackaktion im Januar 2019 in Norddeich\n\t\t\t\t<\/dd><\/dl><dl class='gallery-item'>\n\t\t\t<dt class='gallery-icon portrait'>\n\t\t\t\t<a href='https:\/\/www.rt-51.org\/?attachment_id=1605'><img width=\"200\" height=\"200\" src=\"https:\/\/www.rt-51.org\/wp-content\/uploads\/2019\/03\/PHOTO-2019-02-21-11-34-01-200x200.jpg\" class=\"attachment-thumbnail size-thumbnail\" alt=\"\" decoding=\"async\" loading=\"lazy\" aria-describedby=\"gallery-1-1605\" \/><\/a>\n\t\t\t<\/dt>\n\t\t\t\t<dd class='wp-caption-text gallery-caption' id='gallery-1-1605'>\n\t\t\t\tFlei\u00dfig, flei\u00dfig: Vizepr\u00e4sident Menno Pidun und Holzbeauftragter 2019 Hanno Albers.\n\t\t\t\t<\/dd><\/dl><dl class='gallery-item'>\n\t\t\t<dt class='gallery-icon landscape'>\n\t\t\t\t<a href='https:\/\/www.rt-51.org\/?attachment_id=1604'><img width=\"200\" height=\"200\" src=\"https:\/\/www.rt-51.org\/wp-content\/uploads\/2019\/03\/PHOTO-2019-02-21-11-34-01-1-200x200.jpg\" class=\"attachment-thumbnail size-thumbnail\" alt=\"\" decoding=\"async\" loading=\"lazy\" aria-describedby=\"gallery-1-1604\" \/><\/a>\n\t\t\t<\/dt>\n\t\t\t\t<dd class='wp-caption-text gallery-caption' id='gallery-1-1604'>\n\t\t\t\tBei allem Stress: Pause muss sein!\n\t\t\t\t<\/dd><\/dl><br style=\"clear: both\" \/>\n\t\t<\/div>\n\n","protected":false},"excerpt":{"rendered":"<p>Tabler zerteilen 40 Raummeter Holz f\u00fcr Projekte aus dem Norder Umland\u00a0 Es ist Januar, das Wetter, wie oft im ostfriesischen Winter, m\u00e4\u00dfig. Sturm und graue Wolken\u00a0empfangen das 40 Tonnen-Gespann aus dem Emsland. Mit lautem Piepen rangiert der\u00a0LKW r\u00fcckw\u00e4rts auf das Gel\u00e4nde des Ferienhofs \u201eGroot Plaats\u201c in Norddeich. Die Ladung:\u00a040 Raummeter feinstes Buchenholz am Stamm, geschlagen [&hellip;]<\/p>\n","protected":false},"author":24,"featured_media":0,"comment_status":"closed","ping_status":"closed","sticky":false,"template":"","format":"standard","meta":[],"categories":[1],"tags":[],"_links":{"self":[{"href":"https:\/\/www.rt-51.org\/index.php?rest_route=\/wp\/v2\/posts\/1603"}],"collection":[{"href":"https:\/\/www.rt-51.org\/index.php?rest_route=\/wp\/v2\/posts"}],"about":[{"href":"https:\/\/www.rt-51.org\/index.php?rest_route=\/wp\/v2\/types\/post"}],"author":[{"embeddable":true,"href":"https:\/\/www.rt-51.org\/index.php?rest_route=\/wp\/v2\/users\/24"}],"replies":[{"embeddable":true,"href":"https:\/\/www.rt-51.org\/index.php?rest_route=%2Fwp%2Fv2%2Fcomments&post=1603"}],"version-history":[{"count":2,"href":"https:\/\/www.rt-51.org\/index.php?rest_route=\/wp\/v2\/posts\/1603\/revisions"}],"predecessor-version":[{"id":1609,"href":"https:\/\/www.rt-51.org\/index.php?rest_route=\/wp\/v2\/posts\/1603\/revisions\/1609"}],"wp:attachment":[{"href":"https:\/\/www.rt-51.org\/index.php?rest_route=%2Fwp%2Fv2%2Fmedia&parent=1603"}],"wp:term":[{"taxonomy":"category","embeddable":true,"href":"https:\/\/www.rt-51.org\/index.php?rest_route=%2Fwp%2Fv2%2Fcategories&post=1603"},{"taxonomy":"post_tag","embeddable":true,"href":"https:\/\/www.rt-51.org\/index.php?rest_route=%2Fwp%2Fv2%2Ftags&post=1603"}],"curies":[{"name":"wp","href":"https:\/\/api.w.org\/{rel}","templated":true}]}}